{"id":255790,"date":"2024-08-18T14:41:53","date_gmt":"2024-08-18T18:41:53","guid":{"rendered":"https:\/\/www.scoresandstats.com\/?post_type=blog&#038;p=255790"},"modified":"2025-06-01T07:07:00","modified_gmt":"2025-06-01T11:07:00","slug":"lideres-mundial-predicciones","status":"publish","type":"blog","link":"https:\/\/www.scoresandstats.com\/es\/blog\/lideres-mundial-predicciones\/","title":{"rendered":"Probabilidades Pol\u00edticas: \u00bfQu\u00e9 L\u00edder Mundial Renunciar\u00e1 Pr\u00f3ximo?"},"content":{"rendered":"\n<div style=\"height:43px\" aria-hidden=\"true\" class=\"wp-block-spacer\"><\/div>\n\n\n<div class=\"gb-container gb-container-a9fb9e47 bk\">\n\n<div class=\"wp-block-rank-math-toc-block has-color-gray-background-color has-background\" id=\"rank-math-toc\"><nav><ul><li class=\"\"><a href=\"#next-world-leader-to-step-down-odds\">Probabilidades de que el pr\u00f3ximo l\u00edder mundial renuncie<\/a><\/li><li class=\"\"><a href=\"#prediction-who-will-be-the-next-world-leader-to-leave-office\">Predicci\u00f3n: \u00bfQui\u00e9n ser\u00e1 el pr\u00f3ximo l\u00edder mundial en dejar el cargo?<\/a><\/li><\/ul><\/nav><\/div>\n\n<\/div>\n\n\n<div style=\"height:43px\" aria-hidden=\"true\" class=\"wp-block-spacer\"><\/div>\n\n\n\n<p>Decir que el mundo est\u00e1 sumido en una gran agitaci\u00f3n pol\u00edtica ser\u00eda quedarse corto. Adem\u00e1s de la actual&nbsp;<a href=\"https:\/\/www.scoresandstats.com\/es\/blog\/eleccion-presidencial-cuotas-predicciones\/\">campa\u00f1a presidencial estadounidense de 2024<\/a>&nbsp;, tambi\u00e9n deber\u00edamos prestar atenci\u00f3n a la actividad pol\u00edtica en otros lugares. Los l\u00edderes de varios otros pa\u00edses importantes, como Rusia, Francia, Alemania y Canad\u00e1, se enfrentan a un futuro incierto.<\/p>\n\n\n\n<p>En las mejores&nbsp;<a href=\"https:\/\/www.scoresandstats.com\/es\/casas-apuestas-deportivas\/\">casas de apuestas pol\u00edticas<\/a>&nbsp;, como BetUS, puedes apostar a qu\u00e9 l\u00edder mundial ser\u00e1 el pr\u00f3ximo en dejar el cargo. Sabemos que el presidente Joe Biden no ocupar\u00e1 el cargo despu\u00e9s de enero de 2025, pero el l\u00edder estadounidense no figura entre las opciones de apuestas. Entonces, \u00bfqui\u00e9n es una buena apuesta para dejar el cargo?<\/p>\n\n\n\n<h2 class=\"wp-block-heading\" id=\"next-world-leader-to-step-down-odds\">Probabilidades de que el pr\u00f3ximo l\u00edder mundial renuncie<\/h2>\n\n\n\n<figure class=\"wp-block-table\"><table class=\"has-fixed-layout\"><thead><tr><th class=\"has-text-align-center\" data-align=\"center\">Probabilidades pol\u00edticas<\/th><th class=\"has-text-align-center\" data-align=\"center\">Probabilidades pol\u00edticas<\/th><\/tr><\/thead><tbody><tr><td class=\"has-text-align-center\" data-align=\"center\"><a href=\"https:\/\/www.scoresandstats.com\/es\/blog\/lideres-mundial-predicciones\/#justin-trudeau-165\">Justin Trudeau (+165)<\/a><\/td><td class=\"has-text-align-center\" data-align=\"center\"><a href=\"https:\/\/www.scoresandstats.com\/es\/blog\/lideres-mundial-predicciones\/#benjamin-netanyahu-250\">Benjam\u00edn Netanyahu (+250)<\/a><\/td><\/tr><tr><td class=\"has-text-align-center\" data-align=\"center\"><a href=\"https:\/\/www.scoresandstats.com\/es\/blog\/lideres-mundial-predicciones\/#olaf-scholz-275\">Olaf Scholz (+275)<\/a><\/td><td class=\"has-text-align-center\" data-align=\"center\"><a href=\"https:\/\/www.scoresandstats.com\/es\/blog\/lideres-mundial-predicciones\/#volodymyr-zelenskyy-800\">Volodymyr Zelenskyy (+800)<\/a><\/td><\/tr><tr><td class=\"has-text-align-center\" data-align=\"center\"><a href=\"https:\/\/www.scoresandstats.com\/es\/blog\/lideres-mundial-predicciones\/#recep-tayyip-erdogan-1600\">Recep Tayyip Erdogan (+1600)<\/a><\/td><td class=\"has-text-align-center\" data-align=\"center\"><a href=\"https:\/\/www.scoresandstats.com\/es\/blog\/lideres-mundial-predicciones\/#lula-da-silva-1600\">Lula da Silva (+1600)<\/a><\/td><\/tr><tr><td class=\"has-text-align-center\" data-align=\"center\"><a href=\"https:\/\/www.scoresandstats.com\/es\/blog\/lideres-mundial-predicciones\/#vladimir-putin-1800\">Vlad\u00edmir Putin (+1800)<\/a><\/td><td class=\"has-text-align-center\" data-align=\"center\"><a href=\"https:\/\/www.scoresandstats.com\/es\/blog\/lideres-mundial-predicciones\/#javier-milei-3000\">Javier Milei (+3000)<\/a><\/td><\/tr><tr><td class=\"has-text-align-center\" data-align=\"center\"><a href=\"https:\/\/www.scoresandstats.com\/es\/blog\/lideres-mundial-predicciones\/#emmanuel-macron-5000\">Emmanuel Macron (+5000)<\/a><\/td><td class=\"has-text-align-center\" data-align=\"center\"><a href=\"https:\/\/www.scoresandstats.com\/es\/blog\/lideres-mundial-predicciones\/#keir-starmer-10000\">Keir Starmer (+10000)<\/a><\/td><\/tr><\/tbody><\/table><\/figure>\n\n\n\n<div style=\"height:43px\" aria-hidden=\"true\" class=\"wp-block-spacer\"><\/div>\n\n\n\n<h3 class=\"wp-block-heading\" id=\"justin-trudeau-165\">Justin Trudeau (+165)<\/h3>\n\n\n\n<p>Justin Trudeau ha sido Primer Ministro de Canad\u00e1 desde 2015, y su estilo de liderazgo se ha caracterizado por pol\u00edticas progresistas, la acci\u00f3n clim\u00e1tica y los esfuerzos de reconciliaci\u00f3n con las comunidades ind\u00edgenas. Sin embargo, tras casi una d\u00e9cada de liderazgo, Trudeau se enfrenta a un creciente descontento en todo el espectro pol\u00edtico.&nbsp;<\/p>\n\n\n\n<p>La gesti\u00f3n de su gobierno ante la inflaci\u00f3n, la asequibilidad de la vivienda y el aumento general del coste de la vida ha generado frustraci\u00f3n entre muchos canadienses, en particular entre la clase media y las generaciones m\u00e1s j\u00f3venes, que luchan por conseguir una vivienda en un mercado cada vez m\u00e1s caro. \u00bfLes suena familiar, estadounidenses?<\/p>\n\n\n\n<p>Adem\u00e1s de los desaf\u00edos econ\u00f3micos, Trudeau se ha visto envuelto en una serie de esc\u00e1ndalos, entre ellos el caso SNC-Lavalin de 2019, en el que su gobierno fue acusado de presionar al Fiscal General para que resolviera un caso de corrupci\u00f3n. M\u00e1s recientemente, su gesti\u00f3n de la interferencia china en las elecciones canadienses y la malversaci\u00f3n de fondos p\u00fablicos ha seguido socavando su credibilidad.&nbsp;<\/p>\n\n\n\n<p>Si bien Trudeau es una figura carism\u00e1tica, su tercer mandato en el cargo ha estado marcado por \u00edndices de aprobaci\u00f3n en descenso y muchos analistas pol\u00edticos especulan que podr\u00eda renunciar voluntariamente en lugar de enfrentar lo que podr\u00eda ser una cuarta elecci\u00f3n dif\u00edcil.<\/p>\n\n\n\n<p>Su futuro pol\u00edtico se complica a\u00fan m\u00e1s por el ascenso del Partido Conservador bajo el liderazgo de&nbsp;<a href=\"https:\/\/ca.news.yahoo.com\/baloney-trudeau-slams-poilievre-comments-190059329.html\" target=\"_blank\" rel=\"noreferrer noopener\">Pierre Poilievre<\/a>&nbsp;, cuya ret\u00f3rica populista ha calado hondo entre los votantes descontentos. El creciente impulso de Poilievre ha supuesto una amenaza leg\u00edtima para los liberales de Trudeau, especialmente en las zonas suburbanas y rurales.&nbsp;<\/p>\n\n\n\n<p>Trudeau podr\u00eda sentir el peso de la fatiga pol\u00edtica, como suele ocurrir con los l\u00edderes que han estado en el cargo durante largos periodos. Con las divisiones internas en su partido y la creciente presi\u00f3n de la oposici\u00f3n, se especula que Trudeau podr\u00eda dimitir m\u00e1s pronto que tarde, lo que lo convertir\u00eda en uno de los principales candidatos para ser el pr\u00f3ximo l\u00edder mundial en dimitir.<\/p>\n\n\n\n<p>En definitiva, si bien Trudeau ha enfrentado muchos desaf\u00edos, tambi\u00e9n ha demostrado resiliencia en el pasado. Si renunciara, podr\u00eda ser por una decisi\u00f3n estrat\u00e9gica para preservar su legado o por una salida forzada debido a la incapacidad de mantener su coalici\u00f3n de votantes. La probabilidad de +165 refleja la precariedad de su situaci\u00f3n, pero a\u00fan est\u00e1 por verse si se retira voluntariamente o como resultado de una derrota electoral. Las pr\u00f3ximas elecciones en Canad\u00e1 est\u00e1n programadas para el 20 de octubre de 2025 o antes.<\/p>\n\n\n\n<figure class=\"wp-block-embed\"><div class=\"wp-block-embed__wrapper\">\nhttps:\/\/youtube.com\/watch?v=YYswY6e2ZQ0%3Ffeature%3Doembed\n<\/div><\/figure>\n\n\n\n<div style=\"height:43px\" aria-hidden=\"true\" class=\"wp-block-spacer\"><\/div>\n\n\n\n<h3 class=\"wp-block-heading\" id=\"benjamin-netanyahu-250\">Benjam\u00edn Netanyahu (+250)<\/h3>\n\n\n\n<p>Benjamin Netanyahu, el primer ministro israel\u00ed con m\u00e1s a\u00f1os en el cargo, se enfrenta a una gran presi\u00f3n estos d\u00edas. Bibi ha ejercido varios mandatos no consecutivos como primer ministro de Israel desde la d\u00e9cada de 1990. Su regreso al poder en 2022 fue recibido con alegr\u00eda y fuertes cr\u00edticas.&nbsp;<\/p>\n\n\n\n<p>Su gobierno, que tiende fuertemente a la derecha, ha estado impulsando una controvertida reforma judicial que limitar\u00eda los poderes de la Corte Suprema de Israel, una medida que ha desencadenado uno de los mayores movimientos de protesta en la historia del pa\u00eds.<\/p>\n\n\n\n<p>Las reformas judiciales han polarizado profundamente a la sociedad israel\u00ed. Por un lado, las bases de Netanyahu argumentan que el poder judicial se ha extralimitado y necesita una reforma. Por otro lado, los cr\u00edticos ven la medida como un ataque a la democracia y una apropiaci\u00f3n del poder que amenaza el sistema de pesos y contrapesos esencial para el sistema pol\u00edtico israel\u00ed.&nbsp;<\/p>\n\n\n\n<p>La gesti\u00f3n de la situaci\u00f3n por parte de Netanyahu ha provocado protestas masivas y huelgas, e incluso militares clave han amenazado con dimitir. Este nivel de agitaci\u00f3n ha debilitado significativamente la posici\u00f3n pol\u00edtica de Netanyahu y ha planteado la posibilidad de su destituci\u00f3n, ya sea por maniobras pol\u00edticas dentro de su partido o por presiones externas de la oposici\u00f3n.<\/p>\n\n\n\n<p>Israel tambi\u00e9n lidia con una guerra continua contra Ham\u00e1s, que se reaviv\u00f3 tras&nbsp;<a href=\"https:\/\/www.hrw.org\/news\/2024\/07\/17\/october-7-crimes-against-humanity-war-crimes-hamas-led-groups\" target=\"_blank\" rel=\"noreferrer noopener\">el ataque terrorista de Ham\u00e1s contra Israel<\/a>&nbsp;el 7 de octubre de 2023. La respuesta de Netanyahu a los ataques ha generado numerosas cr\u00edticas internacionales, e incluso la Corte Penal Internacional (CPI)&nbsp;<a href=\"https:\/\/www.amnesty.org\/en\/latest\/news\/2024\/05\/israel-opt-icc-applications-for-arrest-warrants-for-netanyahu-sinwar-and-other-senior-israeli-and-hamas-officials-crucial-step-towards-justice\/\" target=\"_blank\" rel=\"noreferrer noopener\">emiti\u00f3 una orden de arresto<\/a>&nbsp;contra Bibi en mayo de este a\u00f1o. El conflicto entre Israel y Gaza no es nada nuevo, por supuesto, pero las acciones de Netanyahu tambi\u00e9n han provocado la ira de su propio pueblo.<\/p>\n\n\n\n<p>A pesar de estos obst\u00e1culos, Netanyahu es un pol\u00edtico experimentado que ha demostrado una y otra vez que puede sobrevivir a crisis que hundir\u00edan a otros l\u00edderes. Tambi\u00e9n es incre\u00edblemente testarudo y ha rechazado repetidamente la idea de dimitir a pesar de su falta de popularidad.<\/p>\n\n\n\n<h3 class=\"wp-block-heading\" id=\"olaf-scholz-275\">Olaf Scholz (+275)<\/h3>\n\n\n\n<p>Olaf Scholz se convirti\u00f3 en canciller de Alemania en diciembre de 2021, sucediendo a Angela Merkel, cuyo mandato de 16 a\u00f1os dej\u00f3 una huella indeleble en el pa\u00eds y en Europa en su conjunto.&nbsp;<\/p>\n\n\n\n<p>Scholz, representante del Partido Socialdem\u00f3crata (SPD), asumi\u00f3 el cargo con la dif\u00edcil tarea de guiar a Alemania en tiempos turbulentos, incluyendo las secuelas de la pandemia de COVID-19, la guerra en Ucrania y una crisis energ\u00e9tica agravada por el corte del suministro de gas natural a Rusia. Estos desaf\u00edos han puesto a prueba el liderazgo de Scholz, y mientras permanece en el poder, su posici\u00f3n se ha vuelto cada vez m\u00e1s precaria.<\/p>\n\n\n\n<p>El gobierno de Scholz es una fr\u00e1gil coalici\u00f3n entre el SPD, los Verdes y el Partido Democr\u00e1tico Libre (FDP), una combinaci\u00f3n que ha resultado dif\u00edcil de gestionar. Los desacuerdos en temas como la pol\u00edtica clim\u00e1tica, el gasto en defensa y la recuperaci\u00f3n econ\u00f3mica han tensado las relaciones dentro de la coalici\u00f3n, y estas fisuras han comenzado a erosionar los \u00edndices de aprobaci\u00f3n de Scholz.&nbsp;<\/p>\n\n\n\n<p>Su gesti\u00f3n de la crisis energ\u00e9tica alemana, en particular, ha suscitado cr\u00edticas. La excesiva dependencia de Alemania del gas ruso antes de la guerra en Ucrania ha obligado al pa\u00eds a buscar alternativas, y Scholz ha sido criticado por su aparente indecisi\u00f3n al respecto.<\/p>\n\n\n\n<p>Adem\u00e1s, Scholz enfrenta una creciente presi\u00f3n del partido de extrema derecha Alternativa para Alemania (AfD), que ha ganado impulso en medio de una insatisfacci\u00f3n generalizada con el manejo del gobierno de las pol\u00edticas de inflaci\u00f3n, inmigraci\u00f3n y cambio clim\u00e1tico.&nbsp;<\/p>\n\n\n\n<p>Este auge del populismo de derecha ha complicado los esfuerzos de Scholz por mantener una postura centrista, y existe un creciente temor de que su coalici\u00f3n no sobreviva intacta al pr\u00f3ximo ciclo electoral. El Partido Verde, por ejemplo, se ha mostrado impaciente con la postura moderada de Scholz sobre el cambio clim\u00e1tico, lo que crea la posibilidad de una rebeli\u00f3n interna que podr\u00eda derrocar a su gobierno.<\/p>\n\n\n\n<p>Si bien Scholz sigue siendo una figura importante en el escenario europeo, su situaci\u00f3n pol\u00edtica nacional es menos estable. Si su coalici\u00f3n se fractura o el descontento p\u00fablico con su gesti\u00f3n de los asuntos econ\u00f3micos contin\u00faa creciendo, podr\u00eda verse obligado a dimitir o ser reemplazado por su partido antes de las pr\u00f3ximas elecciones. Dados estos factores, Scholz parece vulnerable, y sus posibilidades reflejan la incertidumbre que rodea su futuro en el cargo. Se espera que las pr\u00f3ximas elecciones alemanas se celebren en septiembre de 2025.<\/p>\n\n\n\n<h3 class=\"wp-block-heading\" id=\"volodymyr-zelenskyy-800\">Volodymyr Zelenskyy (+800)<\/h3>\n\n\n\n<p>El mete\u00f3rico ascenso de Volodymyr Zelenskyy a la fama internacional es una de las historias m\u00e1s notables de la pol\u00edtica moderna. Zelensky, excomediante y figura pol\u00edtica marginal, asumi\u00f3 la presidencia de Ucrania en 2019, con la promesa de combatir la corrupci\u00f3n y restaurar la confianza en las instituciones gubernamentales.&nbsp;<\/p>\n\n\n\n<p>Sin embargo, su liderazgo adquiri\u00f3 una dimensi\u00f3n completamente nueva cuando Rusia lanz\u00f3 su invasi\u00f3n a gran escala de Ucrania en febrero de 2022. Zelenskyy se convirti\u00f3 r\u00e1pidamente en el rostro de la resistencia ucraniana, gan\u00e1ndose la admiraci\u00f3n y el apoyo de l\u00edderes de todo el mundo por su firmeza frente a la amenaza existencial.<\/p>\n\n\n\n<p>Si bien los \u00edndices de aprobaci\u00f3n de Zelenski se han disparado a nivel internacional, liderar a su pa\u00eds en una guerra tan devastadora le ha pasado factura. En el \u00e1mbito nacional, su gobierno enfrenta importantes desaf\u00edos m\u00e1s all\u00e1 del esfuerzo b\u00e9lico, como la gesti\u00f3n de la econom\u00eda, el mantenimiento de la moral p\u00fablica y la gesti\u00f3n de complejas alianzas con las potencias occidentales.&nbsp;<\/p>\n\n\n\n<p>Aunque Zelenskyy ha ganado una gran popularidad por su resiliencia, liderar un pa\u00eds bajo asedio es insostenible a largo plazo, y el resultado de la guerra determinar\u00e1 en gran medida su futuro pol\u00edtico.<\/p>\n\n\n\n<p>Si Ucrania logra repeler a las fuerzas rusas y recupera sus territorios, Zelenski podr\u00eda erigirse en h\u00e9roe nacional y servir durante a\u00f1os. Sin embargo, si la guerra se estanca o Ucrania sufre p\u00e9rdidas territoriales, su&nbsp;<a href=\"https:\/\/www.npr.org\/2024\/05\/21\/1252641146\/zelenskyys-popularity-in-ukraine-has-fallen-will-he-hold-elections\" target=\"_blank\" rel=\"noreferrer noopener\">posici\u00f3n podr\u00eda volverse m\u00e1s precaria<\/a>&nbsp;.&nbsp;<\/p>\n\n\n\n<p>Su liderazgo estar\u00eda bajo intenso escrutinio, con posibles acusaciones de mala gesti\u00f3n o de excesiva dependencia de la ayuda militar occidental. Adem\u00e1s, la presi\u00f3n de liderar en tiempos de guerra podr\u00eda obligarlo a dimitir voluntariamente, especialmente si se alcanza un acuerdo de paz que exija concesiones significativas.<\/p>\n\n\n\n<p>A pesar de los inmensos desaf\u00edos que enfrenta, Zelenskyy parece menos probable que deje el cargo en el futuro inmediato en comparaci\u00f3n con otros l\u00edderes de esta lista. Su salida depende m\u00e1s de factores externos, principalmente el resultado de la guerra y la reconstrucci\u00f3n de Ucrania.&nbsp;<\/p>\n\n\n\n<p>A menos que la situaci\u00f3n cambie dr\u00e1sticamente, es probable que Zelenskyy permanezca en el poder mientras contin\u00fae la guerra, reforzado por el apoyo de su pueblo y de la comunidad internacional.<\/p>\n\n\n\n<figure class=\"wp-block-embed\"><div class=\"wp-block-embed__wrapper\">\nhttps:\/\/youtube.com\/watch?v=HPBrH8RGV7Y%3Ffeature%3Doembed\n<\/div><\/figure>\n\n\n\n<div style=\"height:43px\" aria-hidden=\"true\" class=\"wp-block-spacer\"><\/div>\n\n\n\n<h3 class=\"wp-block-heading\" id=\"recep-tayyip-erdogan-1600\">Recep Tayyip Erdo\u011fan (+1600)<\/h3>\n\n\n\n<p>Recep Tayyip Erdo\u011fan ha sido una figura clave en la pol\u00edtica turca durante m\u00e1s de dos d\u00e9cadas, primero como primer ministro y posteriormente como presidente. Su estilo de liderazgo, marcado por tendencias cada vez m\u00e1s autoritarias, ha transformado significativamente a Turqu\u00eda, tanto en el \u00e1mbito nacional como en sus relaciones exteriores.&nbsp;<\/p>\n\n\n\n<p>El control del poder de Erdo\u011fan pareci\u00f3 inquebrantable durante muchos a\u00f1os, pero los recientes problemas econ\u00f3micos y un creciente movimiento de oposici\u00f3n han debilitado su posici\u00f3n pol\u00edtica. A pesar de&nbsp;<a href=\"https:\/\/www.cnn.com\/2023\/05\/28\/europe\/turkey-president-runoff-polls-erdogan-intl\/index.html\" target=\"_blank\" rel=\"noreferrer noopener\">ganar la reelecci\u00f3n por un estrecho margen en mayo de 2023<\/a>&nbsp;, su futuro pol\u00edtico es m\u00e1s incierto que nunca.<\/p>\n\n\n\n<p>La econom\u00eda turca ha sido una de las mayores vulnerabilidades de Erdo\u011fan. Durante a\u00f1os, el pa\u00eds ha&nbsp;<a href=\"https:\/\/www.cnbc.com\/2024\/07\/17\/turkey-lands-first-place-for-wealth-growth-in-global-ranking-despite-soaring-inflation.html#:~:text=Inflation%20in%20Turkey%20sits%20at,over%20the%20last%20several%20years.\" target=\"_blank\" rel=\"noreferrer noopener\">lidiado con una alta inflaci\u00f3n<\/a>&nbsp;, una moneda debilitada y una crisis del coste de la vida que ha afectado duramente al ciudadano turco promedio.&nbsp;<\/p>\n\n\n\n<p>Las pol\u00edticas econ\u00f3micas heterodoxas de Erdo\u011fan, incluida su insistencia en&nbsp;<a href=\"https:\/\/www.cnn.com\/2023\/05\/19\/economy\/erdogan-turkey-election-inflation-promise\/index.html\" target=\"_blank\" rel=\"noreferrer noopener\">bajar los tipos de inter\u00e9s a pesar de la inflaci\u00f3n<\/a>&nbsp;, han sido ampliamente criticadas por los economistas y han contribuido a la persistente inestabilidad financiera del pa\u00eds. Aunque Erdo\u011fan permanece en el poder, la crisis econ\u00f3mica ha envalentonado a los partidos de la oposici\u00f3n y ha generado un descontento p\u00fablico generalizado.<\/p>\n\n\n\n<p>Las elecciones de 2023 fueron uno de los retos m\u00e1s dif\u00edciles para Erdo\u011fan hasta la fecha. Si bien consigui\u00f3 la victoria, el margen fue estrecho y el pa\u00eds sigue profundamente dividido. La oposici\u00f3n, liderada por Kemal K\u0131l\u0131\u00e7daro\u011flu, opuso una f\u00e9rrea resistencia, y el panorama pol\u00edtico del pa\u00eds est\u00e1 m\u00e1s fragmentado que en a\u00f1os anteriores.&nbsp;<\/p>\n\n\n\n<p>La alianza de Erdo\u011fan con partidos nacionalistas e islamistas le ha ayudado a mantenerse en el poder, pero tambi\u00e9n le ha distanciado de una parte significativa del electorado, especialmente en las zonas urbanas y entre los j\u00f3venes. Si persisten los problemas econ\u00f3micos de Turqu\u00eda, o si la oposici\u00f3n logra mantener su unidad, Erdo\u011fan podr\u00eda enfrentarse a serios desaf\u00edos en los pr\u00f3ximos a\u00f1os.<\/p>\n\n\n\n<p>Adem\u00e1s, las decisiones de pol\u00edtica exterior de Erdo\u011fan, en particular su participaci\u00f3n en&nbsp;<a href=\"https:\/\/www.europarl.europa.eu\/EPRS\/EPRS-Briefing-642284-Turkeys-military-operation-Syria-FINAL.pdf\" target=\"_blank\" rel=\"noreferrer noopener\">los conflictos en Siria<\/a>&nbsp;y Libia y sus tensas relaciones con los aliados de la OTAN, han suscitado preocupaciones tanto a nivel nacional como internacional.&nbsp;<\/p>\n\n\n\n<p>Si su gobierno falla en la gesti\u00f3n de las crisis internacionales o la econom\u00eda empeora, podr\u00eda aumentar la presi\u00f3n para que renuncie o para que la oposici\u00f3n convoque elecciones anticipadas. Si bien Erdo\u011fan sigue siendo una figura poderosa, su control del poder ya no es tan firme como antes, lo que lo convierte en un posible candidato a dejar el cargo a medio plazo.<\/p>\n\n\n\n<h3 class=\"wp-block-heading\" id=\"lula-da-silva-1600\">Lula da Silva (+1600)<\/h3>\n\n\n\n<p>Luiz In\u00e1cio Lula da Silva, conocido simplemente como &#8220;Lula&#8221;, regres\u00f3 a la presidencia de Brasil en 2023 tras&nbsp;<a href=\"https:\/\/www.npr.org\/2022\/10\/30\/1132561987\/brazil-election-lula-da-silva\" target=\"_blank\" rel=\"noreferrer noopener\">derrotar al entonces presidente Jair Bolsonaro, quien padec\u00eda una infecci\u00f3n cr\u00f3nica de COVID-19,<\/a>&nbsp;en unas elecciones muy re\u00f1idas. Su regreso fue un acontecimiento pol\u00edtico significativo, ya que Lula hab\u00eda ejercido dos mandatos presidenciales, de 2003 a 2011, durante los cuales gobern\u00f3 un per\u00edodo de crecimiento econ\u00f3mico y reducci\u00f3n de la pobreza.&nbsp;<\/p>\n\n\n\n<p>Sin embargo, su regreso al cargo trae consigo desaf\u00edos importantes, ya que Brasil sigue profundamente polarizado y Lula enfrenta la tit\u00e1nica tarea de gobernar un pa\u00eds que a\u00fan se tambalea por las divisiones pol\u00edticas, econ\u00f3micas y sociales exacerbadas por el mandato de Bolsonaro.<\/p>\n\n\n\n<p>Uno de los principales desaf\u00edos de Lula es gestionar la tambaleante econom\u00eda brasile\u00f1a. La inflaci\u00f3n, el desempleo y la deuda p\u00fablica siguen siendo problemas acuciantes, y sus&nbsp;<a href=\"https:\/\/www.economist.com\/the-americas\/2022\/09\/19\/how-left-wing-on-economics-is-luiz-inacio-lula-da-silva\" target=\"_blank\" rel=\"noreferrer noopener\">pol\u00edticas de izquierda<\/a>&nbsp;, centradas en la expansi\u00f3n del bienestar, podr\u00edan entrar en conflicto con la realidad fiscal del pa\u00eds.&nbsp;<\/p>\n\n\n\n<p>Lula ha enfatizado la necesidad de equilibrar los programas sociales con el crecimiento econ\u00f3mico, pero se enfrenta a la oposici\u00f3n de sectores empresariales y pol\u00edticos conservadores que argumentan que sus pol\u00edticas podr\u00edan desestabilizar a\u00fan m\u00e1s la econom\u00eda. Adem\u00e1s de estas presiones econ\u00f3micas, el gobierno de Lula tambi\u00e9n debe lidiar con un Congreso profundamente dividido, lo que le dificulta la aprobaci\u00f3n de reformas radicales.<\/p>\n\n\n\n<p>Otro desaf\u00edo para Lula son las pol\u00edticas ambientales de Brasil, en particular&nbsp;<a href=\"https:\/\/www.theguardian.com\/environment\/2024\/jan\/25\/optimism-dries-up-amazon-lula-drifts-climate-priorities-brazil\" target=\"_blank\" rel=\"noreferrer noopener\">las relativas a la selva amaz\u00f3nica<\/a>&nbsp;. Durante la presidencia de Bolsonaro, las tasas de deforestaci\u00f3n se dispararon, lo que gener\u00f3 numerosas cr\u00edticas internacionales.&nbsp;<\/p>\n\n\n\n<p>Lula ha prometido proteger la Amazonia y revertir el da\u00f1o ambiental, pero lograrlo requerir\u00e1 una gran voluntad pol\u00edtica, ya que poderosos intereses agr\u00edcolas y mineros se resisten a tales medidas. Equilibrar estas demandas y, al mismo tiempo, mantener el crecimiento econ\u00f3mico de Brasil pondr\u00e1 a prueba la capacidad de Lula para gobernar con eficacia.<\/p>\n\n\n\n<p>Pol\u00edticamente, Lula enfrenta una fuerte oposici\u00f3n por parte de los partidarios de Bolsonaro, quienes se mantienen muy activos y organizados. Muchos a\u00fan cuestionan la legitimidad de su victoria electoral, lo que condujo al asalto de los edificios gubernamentales de Brasil a principios de 2023, una clara se\u00f1al de la perdurable fuerza del movimiento de extrema derecha en Brasil.&nbsp;<\/p>\n\n\n\n<p>Lula debe gobernar un pa\u00eds donde un amplio segmento de la poblaci\u00f3n se muestra hostil a su liderazgo, lo que crea un ambiente propicio para la inestabilidad pol\u00edtica. Sin embargo, Lula tiene un historial de supervivencia pol\u00edtica y es un l\u00edder experimentado. Si bien su gobierno enfrenta importantes dificultades, su amplio capital pol\u00edtico y el apoyo internacional hacen menos probable que sea el pr\u00f3ximo l\u00edder en dimitir, al menos en el futuro inmediato.<\/p>\n\n\n\n<h3 class=\"wp-block-heading\" id=\"vladimir-putin-1800\">Vlad\u00edmir Putin (+1800)<\/h3>\n\n\n\n<p>Vladimir Putin ha dominado la pol\u00edtica rusa durante m\u00e1s de dos d\u00e9cadas, y su mandato se ha caracterizado por una transici\u00f3n de un gobierno semidemocr\u00e1tico a un r\u00e9gimen cada vez m\u00e1s autoritario. Es un dictador de la vieja escuela, amigos.&nbsp;<\/p>\n\n\n\n<p>Desde su llegada al poder en 1999, Putin ha transformado el panorama pol\u00edtico ruso, consolidando su poder y&nbsp;<a href=\"https:\/\/www.hrw.org\/news\/2024\/02\/16\/russia-navalny-dies-prison\" target=\"_blank\" rel=\"noreferrer noopener\">reprimiendo a la oposici\u00f3n<\/a>&nbsp;. Su reciente invasi\u00f3n de Ucrania en 2022 ha definido a\u00fan m\u00e1s su liderazgo, provocando una condena internacional generalizada y aislando a Rusia econ\u00f3mica y diplom\u00e1ticamente.&nbsp;<\/p>\n\n\n\n<p>A pesar de la guerra en curso y sus consecuencias econ\u00f3micas, Putin mantiene un firme control de Rusia, aunque su futuro podr\u00eda estar ligado al resultado final del conflicto.<\/p>\n\n\n\n<p><a href=\"https:\/\/www.cnn.com\/world\/europe\/ukraine\" target=\"_blank\" rel=\"noreferrer noopener\">La invasi\u00f3n de Ucrania por parte de Putin<\/a>&nbsp;pretend\u00eda reafirmar el dominio ruso en Europa del Este, pero la guerra no ha salido seg\u00fan lo previsto. Rusia ha enfrentado importantes reveses militares, sanciones internacionales y un deterioro econ\u00f3mico.&nbsp;<\/p>\n\n\n\n<p>Estos factores han generado cierta disidencia interna, aunque Putin ha logrado reprimir eficazmente a la oposici\u00f3n mediante un estricto control de los medios de comunicaci\u00f3n, el encarcelamiento de rivales pol\u00edticos como Alexei Navalny y la represi\u00f3n de las protestas p\u00fablicas. Si bien Putin mantiene un fuerte control del poder, el prolongado conflicto en Ucrania ha puesto en duda su viabilidad pol\u00edtica a largo plazo.<\/p>\n\n\n\n<p>A nivel internacional, Putin se ha convertido en un paria, ya que Rusia&nbsp;<a href=\"https:\/\/www.bbc.com\/news\/world-europe-60125659\" target=\"_blank\" rel=\"noreferrer noopener\">enfrenta sanciones econ\u00f3micas<\/a>&nbsp;de pa\u00edses occidentales y se encuentra aislada en los foros internacionales. Sin embargo, a nivel nacional, su control sobre la narrativa ha contribuido a mantener su popularidad entre ciertos segmentos de la poblaci\u00f3n rusa, en particular mediante la propaganda estatal que presenta la guerra como una defensa necesaria de la soberan\u00eda rusa.&nbsp;<\/p>\n\n\n\n<p>El resultado de la guerra probablemente determinar\u00e1 el futuro de Putin. Si Rusia logra proclamarse victoriosa o al menos lograr un acuerdo que le salve la cara, Putin podr\u00eda seguir gobernando durante a\u00f1os. Sin embargo, una derrota clara o un atolladero militar persistente podr\u00edan debilitar su posici\u00f3n y potencialmente provocar un golpe de Estado o una renuncia forzada de las \u00e9lites del Kremlin.<\/p>\n\n\n\n<p>Aunque la salida de Putin del poder parece menos probable en el futuro inmediato debido a su f\u00e9rreo control autoritario, la historia demuestra que los fracasos militares prolongados y las dificultades econ\u00f3micas pueden provocar agitaci\u00f3n pol\u00edtica, incluso en reg\u00edmenes muy controlados. Si la disidencia interna aumenta o su salud se deteriora (un tema de constante especulaci\u00f3n), Putin podr\u00eda verse obligado a dimitir, aunque, por ahora, parece tener un control relativamente firme del poder.<\/p>\n\n\n\n<h3 class=\"wp-block-heading\" id=\"javier-milei-3000\">Javier Milei (+3000)<\/h3>\n\n\n\n<p>Javier Milei es un reci\u00e9n llegado a la pol\u00edtica que recientemente gan\u00f3 la presidencia de Argentina en una victoria sorpresiva que sacudi\u00f3 a la \u00e9lite pol\u00edtica. Autodenominado economista libertario, su ascenso al poder se vio impulsado por la frustraci\u00f3n ante los persistentes problemas econ\u00f3micos de Argentina, como la inflaci\u00f3n cr\u00f3nica, la crisis de deuda y el alto desempleo.&nbsp;<\/p>\n\n\n\n<p>Su&nbsp;<a href=\"https:\/\/foreignpolicy.com\/2024\/02\/13\/javier-milei-policies-libertarian-argentina-economy\/\" target=\"_blank\" rel=\"noreferrer noopener\">ret\u00f3rica anti-establishment<\/a>&nbsp;y sus promesas de reformar el sistema econ\u00f3mico argentino han resonado entre los votantes cansados \u200b\u200bde los partidos tradicionales que han gobernado el pa\u00eds durante d\u00e9cadas.<\/p>\n\n\n\n<p>Milei ha prometido reformas radicales, que incluyen recortes dr\u00e1sticos del gasto p\u00fablico, reducci\u00f3n de impuestos e incluso la adopci\u00f3n del d\u00f3lar estadounidense como moneda argentina para combatir la hiperinflaci\u00f3n. Si bien sus pol\u00edticas econ\u00f3micas resultan atractivas para quienes creen que Argentina necesita un cambio radical, tambi\u00e9n conllevan riesgos significativos.&nbsp;<\/p>\n\n\n\n<p>Implementar cambios tan dr\u00e1sticos podr\u00eda generar malestar social, especialmente entre los sindicatos, los trabajadores del sector p\u00fablico y quienes dependen de los programas gubernamentales. El historial de volatilidad pol\u00edtica de Argentina hace que la presidencia de Milei sea particularmente impredecible.<\/p>\n\n\n\n<p><a href=\"https:\/\/www.pbs.org\/newshour\/world\/after-electing-right-wing-populist-milei-as-president-argentina-faces-uncharted-path\" target=\"_blank\" rel=\"noreferrer noopener\">La inexperiencia pol\u00edtica de Milei<\/a>&nbsp;es otro factor que podr\u00eda influir en su permanencia en el cargo. Se enfrenta a una fuerte oposici\u00f3n de los partidos pol\u00edticos tradicionales, y su estilo confrontativo le ha granjeado numerosos enemigos dentro de la clase pol\u00edtica. Gobernar en un entorno tan fragmentado ser\u00e1 un desaf\u00edo, especialmente mientras intenta impulsar sus ambiciosas reformas.&nbsp;<\/p>\n\n\n\n<p>Si Milei no cumple sus promesas o si sus pol\u00edticas conducen a una mayor inestabilidad econ\u00f3mica, su presidencia podr\u00eda verse truncada ya sea por un impeachment o por protestas generalizadas.<\/p>\n\n\n\n<p>Dicho esto, Milei es a\u00fan nuevo en la escena pol\u00edtica y apenas ha comenzado su mandato. Es improbable que sea el pr\u00f3ximo l\u00edder mundial en dejar el cargo, ya que su gobierno est\u00e1 en sus inicios. Sin embargo, el historial de inestabilidad pol\u00edtica de Argentina significa que su futuro est\u00e1 lejos de estar garantizado, y su liderazgo podr\u00eda verse puesto a prueba en los pr\u00f3ximos a\u00f1os mientras intenta implementar su radical agenda econ\u00f3mica.<\/p>\n\n\n\n<figure class=\"wp-block-embed\"><div class=\"wp-block-embed__wrapper\">\nhttps:\/\/youtube.com\/watch?v=ZWO74dirWsE%3Ffeature%3Doembed\n<\/div><\/figure>\n\n\n\n<div style=\"height:43px\" aria-hidden=\"true\" class=\"wp-block-spacer\"><\/div>\n\n\n\n<h3 class=\"wp-block-heading\" id=\"emmanuel-macron-5000\">Emmanuel Macron (+5000)<\/h3>\n\n\n\n<p>Emmanuel Macron, presidente de Francia, cumple actualmente su segundo mandato tras&nbsp;<a href=\"https:\/\/www.nbcnews.com\/news\/world\/french-presidential-election-results-2022-macron-wins-rcna25555\" target=\"_blank\" rel=\"noreferrer noopener\">ser reelegido en 2022.<\/a>&nbsp;Su liderazgo se ha caracterizado por sus intentos de reformar la econom\u00eda francesa, en particular mediante la reforma de las pensiones y la liberalizaci\u00f3n del mercado laboral, lo que ha provocado importantes protestas.&nbsp;<\/p>\n\n\n\n<p>Su postura pro-Uni\u00f3n Europea, sumada a sus pol\u00edticas centristas, lo ha convertido a menudo en blanco de las facciones de extrema izquierda y extrema derecha en Francia. Sin embargo, su relativa juventud y su ambici\u00f3n pol\u00edtica sugieren que podr\u00eda tener aspiraciones a largo plazo m\u00e1s all\u00e1 de la presidencia francesa.<\/p>\n\n\n\n<p>Aunque el segundo mandato de Macron ha estado marcado por una continua agitaci\u00f3n interna (en particular las protestas a gran escala&nbsp;<a href=\"https:\/\/apnews.com\/article\/france-protests-retirement-age-macron-strikes-1abb098b104f2b7094e51e650218771d\" target=\"_blank\" rel=\"noreferrer noopener\">contra su reforma de las pensiones<\/a>&nbsp;), sigue siendo una figura muy influyente en la pol\u00edtica europea y mundial.&nbsp;<\/p>\n\n\n\n<p>Su gobierno tambi\u00e9n ha tenido que afrontar los desaf\u00edos de la pandemia de COVID-19, la guerra en Ucrania y el aumento de la inflaci\u00f3n, todo lo cual ha creado un entorno pol\u00edtico m\u00e1s hostil. A pesar de ello, Macron mantiene un fuerte control del panorama pol\u00edtico franc\u00e9s y no existen amenazas inmediatas a su liderazgo.<\/p>\n\n\n\n<p>Sin embargo, el mandato de Macron expira en 2027 y la ley francesa le impide presentarse a un tercer mandato consecutivo. Esto crea una din\u00e1mica interesante, ya que Macron podr\u00eda empezar a buscar oportunidades m\u00e1s all\u00e1 de la presidencia, posiblemente en organizaciones internacionales como la Uni\u00f3n Europea o las Naciones Unidas.&nbsp;<\/p>\n\n\n\n<p>Si bien su salida del cargo es inevitable para 2027, no hay indicios de que lo deje antes. Por ello, parece muy improbable que Macron sea el pr\u00f3ximo l\u00edder mundial en dimitir.<\/p>\n\n\n\n<p>Es probable que Macron se centre en mantener la estabilidad en Francia y, al mismo tiempo, consolidar su legado como reformista. Si bien las protestas y el malestar social seguir\u00e1n representando desaf\u00edos importantes, su resiliencia pol\u00edtica y su capacidad para sortear crisis complejas sugieren que culminar\u00e1 su segundo mandato sin grandes perturbaciones.<\/p>\n\n\n\n<h3 class=\"wp-block-heading\" id=\"keir-starmer-10000\">Keir Starmer (+10000)<\/h3>\n\n\n\n<p>Keir Starmer, l\u00edder del Partido Laborista brit\u00e1nico, es la cara m\u00e1s nueva de la lista. Starmer se convirti\u00f3 en el nuevo Primer Ministro del Reino Unido&nbsp;<a href=\"https:\/\/apnews.com\/article\/uk-election-keir-starmer-profile-labour-e98d16e0810273f6041b61747e084aae\" target=\"_blank\" rel=\"noreferrer noopener\">en julio<\/a>&nbsp;, por lo que lleva poco m\u00e1s de un mes en el cargo. Starmer lidera el Partido Laborista desde 2020, sucediendo a Jeremy Corbyn tras la aplastante derrota del Partido Laborista en las elecciones generales de 2019.&nbsp;<\/p>\n\n\n\n<p>Sin embargo, Starmer ya ha tenido que lidiar con disturbios debido a&nbsp;<a href=\"https:\/\/www.bbc.com\/news\/articles\/czxlgwl28gyo\" target=\"_blank\" rel=\"noreferrer noopener\">los disturbios antiinmigratorios<\/a>&nbsp;que arrasaron el Reino Unido a principios de este mes.&nbsp;<\/p>\n\n\n\n<p>Si bien Starmer ha logrado avances significativos en la rehabilitaci\u00f3n de la imagen del Partido Laborista, alej\u00e1ndolo de las pol\u00edticas de extrema izquierda de Corbyn y acerc\u00e1ndolo a una plataforma m\u00e1s centrista, enfrenta desaf\u00edos para mantener la unidad dentro del partido. Su liderazgo ha sido criticado por algunas facciones por ser demasiado cauteloso o carecer de una visi\u00f3n audaz, aunque su estrategia parece haber dado sus frutos gracias a las importantes victorias del Partido Laborista en las \u00faltimas elecciones.<\/p>\n\n\n\n<p>Starmer se enfrentar\u00e1 a una gran oposici\u00f3n en un Reino Unido muy dividido, pero es dif\u00edcil imaginar que ser\u00e1 el pr\u00f3ximo l\u00edder mundial en dejar su puesto teniendo en cuenta que asumi\u00f3 el cargo recientemente.<\/p>\n\n\n\n<h2 class=\"wp-block-heading\" id=\"prediction-who-will-be-the-next-world-leader-to-leave-office\">Predicci\u00f3n: \u00bfQui\u00e9n ser\u00e1 el pr\u00f3ximo l\u00edder mundial en dejar el cargo?<\/h2>\n\n\n\n<p>Tras analizar la situaci\u00f3n actual de cada l\u00edder, es evidente que algunos sufren una presi\u00f3n m\u00e1s inmediata que otros. Justin Trudeau y Benjamin Netanyahu se destacan como los candidatos con m\u00e1s probabilidades de dejar el cargo pronto.&nbsp;<\/p>\n\n\n\n<p>Trudeau se enfrenta a una creciente fatiga pol\u00edtica, una ca\u00edda en sus \u00edndices de aprobaci\u00f3n y una creciente oposici\u00f3n en Canad\u00e1, lo que hace plausible su dimisi\u00f3n antes de las pr\u00f3ximas elecciones. Netanyahu, por otro lado, se enfrenta a protestas masivas por las reformas judiciales y la guerra en Gaza, que podr\u00edan llevar a su dimisi\u00f3n o destituci\u00f3n.<\/p>\n\n\n\n<p>Si bien Olaf Scholz y Volodymyr Zelenskyy tambi\u00e9n enfrentan desaf\u00edos importantes, sus salidas parecen menos inminentes. Erdo\u011fan, Lula y Putin, aunque enfrentan diversas formas de inestabilidad, mantienen posiciones m\u00e1s afianzadas, mientras que Milei, Macron y Starmer se encuentran relativamente seguros por ahora.<\/p>\n\n\n\n<div class=\"BB\">\n<pre class=\"wp-block-preformatted\"><strong>Apuesta: Benjam\u00edn Netanyahu (+250)<\/strong><\/pre>\n<\/div>\n","protected":false},"excerpt":{"rendered":"<p>Decir que el mundo est\u00e1 sumido en una gran agitaci\u00f3n pol\u00edtica ser\u00eda quedarse corto. Adem\u00e1s de la actual&nbsp;campa\u00f1a presidencial estadounidense de 2024&nbsp;,<\/p>\n","protected":false},"author":4,"featured_media":255791,"parent":0,"menu_order":0,"template":"","meta":{"_acf_changed":false,"footnotes":""},"blog-category":[1292],"blog-tag":[],"class_list":["post-255790","blog","type-blog","status-publish","has-post-thumbnail","hentry","blog-category-politics","resize-featured-image"],"acf":[],"_links":{"self":[{"href":"https:\/\/www.scoresandstats.com\/es\/wp-json\/wp\/v2\/blog\/255790","targetHints":{"allow":["GET"]}}],"collection":[{"href":"https:\/\/www.scoresandstats.com\/es\/wp-json\/wp\/v2\/blog"}],"about":[{"href":"https:\/\/www.scoresandstats.com\/es\/wp-json\/wp\/v2\/types\/blog"}],"author":[{"embeddable":true,"href":"https:\/\/www.scoresandstats.com\/es\/wp-json\/wp\/v2\/users\/4"}],"version-history":[{"count":1,"href":"https:\/\/www.scoresandstats.com\/es\/wp-json\/wp\/v2\/blog\/255790\/revisions"}],"predecessor-version":[{"id":255796,"href":"https:\/\/www.scoresandstats.com\/es\/wp-json\/wp\/v2\/blog\/255790\/revisions\/255796"}],"wp:featuredmedia":[{"embeddable":true,"href":"https:\/\/www.scoresandstats.com\/es\/wp-json\/wp\/v2\/media\/255791"}],"wp:attachment":[{"href":"https:\/\/www.scoresandstats.com\/es\/wp-json\/wp\/v2\/media?parent=255790"}],"wp:term":[{"taxonomy":"blog-category","embeddable":true,"href":"https:\/\/www.scoresandstats.com\/es\/wp-json\/wp\/v2\/blog-category?post=255790"},{"taxonomy":"blog-tag","embeddable":true,"href":"https:\/\/www.scoresandstats.com\/es\/wp-json\/wp\/v2\/blog-tag?post=255790"}],"curies":[{"name":"wp","href":"https:\/\/api.w.org\/{rel}","templated":true}]}}